{"id":5461,"date":"2026-09-02T18:45:56","date_gmt":"2026-09-02T17:45:56","guid":{"rendered":"https:\/\/buechereien-engelskirchen.de\/?p=5461"},"modified":"2026-09-02T18:45:57","modified_gmt":"2026-09-02T17:45:57","slug":"literarische-weinlese-am-25-september-2026","status":"publish","type":"post","link":"https:\/\/buechereien-engelskirchen.de\/?p=5461","title":{"rendered":"Literarische Weinlese am 25. September 2026"},"content":{"rendered":"\n<p class=\"wp-block-paragraph\">Am <strong>Freitag, dem 25.09.2026<\/strong> laden wir Sie herzlich um <strong>19:00 Uhr <\/strong>zur Literarischen Weinlese in die B\u00fccherei R\u00fcnderoth ein.<\/p>\n\n\n\n<p class=\"wp-block-paragraph\">In stimmungsvoller Atmosph\u00e4re pr\u00e4sentiert Mike Altwicker (Buchhandlung Hansen &amp; Kr\u00f6ger) seine pers\u00f6nliche Auswahl an lesenswerten B\u00fcchern 2026. Bei Wein und Knabbereien erz\u00e4hlt er \u00fcber die jeweiligen Autoren, die Geschichten und Protagonisten der ausgesuchten B\u00fccher und sicherlich auch die ein oder andere Anekdote aus seinen eigenen interessanten T\u00e4tigkeiten.<\/p>\n\n\n\n<p class=\"wp-block-paragraph\"><strong>Eintritt<\/strong>: 10\u20ac<\/p>\n\n\n\n<p class=\"wp-block-paragraph\"><strong>Kartenvorverkauf<\/strong>: B\u00fccherei R\u00fcnderoth und B\u00fccherei Engelskirchen<\/p>\n\n\n\n<p class=\"wp-block-paragraph\">Wir freuen uns auf einen unterhaltsamen und kurzweiligen Abend!<\/p>\n","protected":false},"excerpt":{"rendered":"<p>Am Freitag, dem 25.09.2026 laden wir Sie herzlich um 19:00 Uhr zur Literarischen Weinlese in die B\u00fccherei R\u00fcnderoth ein. In stimmungsvoller Atmosph\u00e4re pr\u00e4sentiert Mike Altwicker (Buchhandlung Hansen &amp; Kr\u00f6ger) seine pers\u00f6nliche Auswahl an lesenswerten B\u00fcchern 2026. Bei Wein und Knabbereien erz\u00e4hlt er \u00fcber die jeweiligen Autoren, die Geschichten und Protagonisten der ausgesuchten B\u00fccher und sicherlich &#8230; <\/p>\n<p class=\"read-more-container\"><a title=\"Literarische Weinlese am 25. September 2026\" class=\"read-more button\" href=\"https:\/\/buechereien-engelskirchen.de\/?p=5461#more-5461\" aria-label=\"Mehr zu Literarische Weinlese am 25. September 2026\">Weiterlesen &#8230;<\/a><\/p>\n","protected":false},"author":2,"featured_media":0,"comment_status":"closed","ping_status":"closed","sticky":false,"template":"","format":"standard","meta":{"ngg_post_thumbnail":0,"footnotes":""},"categories":[8],"tags":[],"post_folder":[],"class_list":["post-5461","post","type-post","status-publish","format-standard","hentry","category-neuigkeit"],"_links":{"self":[{"href":"https:\/\/buechereien-engelskirchen.de\/index.php?rest_route=\/wp\/v2\/posts\/5461","targetHints":{"allow":["GET"]}}],"collection":[{"href":"https:\/\/buechereien-engelskirchen.de\/index.php?rest_route=\/wp\/v2\/posts"}],"about":[{"href":"https:\/\/buechereien-engelskirchen.de\/index.php?rest_route=\/wp\/v2\/types\/post"}],"author":[{"embeddable":true,"href":"https:\/\/buechereien-engelskirchen.de\/index.php?rest_route=\/wp\/v2\/users\/2"}],"replies":[{"embeddable":true,"href":"https:\/\/buechereien-engelskirchen.de\/index.php?rest_route=%2Fwp%2Fv2%2Fcomments&post=5461"}],"version-history":[{"count":1,"href":"https:\/\/buechereien-engelskirchen.de\/index.php?rest_route=\/wp\/v2\/posts\/5461\/revisions"}],"predecessor-version":[{"id":5462,"href":"https:\/\/buechereien-engelskirchen.de\/index.php?rest_route=\/wp\/v2\/posts\/5461\/revisions\/5462"}],"wp:attachment":[{"href":"https:\/\/buechereien-engelskirchen.de\/index.php?rest_route=%2Fwp%2Fv2%2Fmedia&parent=5461"}],"wp:term":[{"taxonomy":"category","embeddable":true,"href":"https:\/\/buechereien-engelskirchen.de\/index.php?rest_route=%2Fwp%2Fv2%2Fcategories&post=5461"},{"taxonomy":"post_tag","embeddable":true,"href":"https:\/\/buechereien-engelskirchen.de\/index.php?rest_route=%2Fwp%2Fv2%2Ftags&post=5461"},{"taxonomy":"post_folder","embeddable":true,"href":"https:\/\/buechereien-engelskirchen.de\/index.php?rest_route=%2Fwp%2Fv2%2Fpost_folder&post=5461"}],"curies":[{"name":"wp","href":"https:\/\/api.w.org\/{rel}","templated":true}]}}